{"id":139,"date":"2018-07-08T12:20:20","date_gmt":"2018-07-08T10:20:20","guid":{"rendered":"http:\/\/bikeinardeche.fr\/?p=139"},"modified":"2018-07-08T12:20:20","modified_gmt":"2018-07-08T10:20:20","slug":"parcours-les-chataigniers","status":"publish","type":"post","link":"https:\/\/www.bikeinardeche.fr\/index.php\/2018\/07\/08\/parcours-les-chataigniers\/","title":{"rendered":"Parcours Les chataigniers"},"content":{"rendered":"<p>Un Parcours assez difficile o\u00f9 vous allez d\u00e9couvrir les ch\u00e2taigneraies et la montagne,<\/p>\n<p>Au d\u00e9part de Privas vous entamez le col du moulin \u00e0 vent, attention quittez la route principale pour rejoindre le col par le village de Lyas, route moins fr\u00e9quent\u00e9e en revanche pente moins r\u00e9guli\u00e8re ;-), au col laisser vous descendre vers le pont de boyon, dans le hameau ne pas rater la route \u00e0 gauche, un bon raidard (attention au braquet) pour rejoindre Pranles. Vous allez serpenter dans les hameau de Pranles avant de descendre vers le Moulinon (d\u00e9part de sp\u00e9ciale du rallye monte-carlo), pour rejoindre la vall\u00e9e de l&#8217;Auz\u00e8ne que vous longerez sur la rive gauche. Une tr\u00e8s jolie route\u00a0 peu fr\u00e9quent\u00e9e mais peu large donc prudence. A pont d&#8217;Auz\u00e8ne (un tr\u00e8s belle ouvrage) prenez le temps avant d&#8217;attaquer la mont\u00e9e vers St Etienne de Serre qui est exigeante avec de fort pourcentage, vous enchainerez les \u00e9pingles comme \u00e0 l&#8217;Alpe d&#8217;Huez \ud83d\ude42<\/p>\n<p><img loading=\"lazy\" decoding=\"async\" class=\"alignnone size-large wp-image-25\" src=\"http:\/\/bikeinardeche.fr\/wp-content\/uploads\/2018\/04\/IMG_20180420_143627-1024x578.jpg\" alt=\"\" width=\"697\" height=\"393\" \/><\/p>\n<p>Vue sur la montagne vous rejoignez le Fival et Tauzuc au milieu des ch\u00e2taigneraies, on parle bien ici de ch\u00e2taignes cultiv\u00e9es donc il est interdit d&#8217;aller en ramasser, suivant la saison, les filets seront pos\u00e9s ou entrepos\u00e9s &#8230; Bref profitez et levez les yeux. St Pierreville, id\u00e9al pour faire une pause, fontaine, boulangerie, petits commerces, bar, profitez de la qui\u00e9tude du lieu.<\/p>\n<p>Quelques hectom\u00e8tres dans la vall\u00e9e de la Gluy\u00e8re avant de rejoindre le col de la Faye et St Genest Lachamp suivant la saison respirez \u00e0 pleins poumons les gen\u00eats parfumerons votre journ\u00e9e&#8230; N&#8217;ayez pas peur il y a bien une route pour prolonger apr\u00e8s le village, direction le col des fourche, vous \u00eates \u00e0 plus de 1000m d&#8217;altitude.<\/p>\n<p>Les sucs, le gerbier le plateau ard\u00e9chois est l\u00e0, M\u00e9zilhac sur la place du village vous avez une fontaine et des toilettes, un bar \u00e9picerie. Le plus dur est fait.<\/p>\n<p><img loading=\"lazy\" decoding=\"async\" class=\"alignnone size-large wp-image-28\" src=\"http:\/\/bikeinardeche.fr\/wp-content\/uploads\/2018\/04\/IMG_20180420_164213-1024x578.jpg\" alt=\"\" width=\"697\" height=\"393\" \/><\/p>\n<p>Encore un faux plat pour rejoindre le col des 4 viots avant de se laisser descendre vers Privas en passant par le col de la Fayolle, de Sarasset et enfin l&#8217;Escrinet.<\/p>\n<p>115km et plus de 2000mD+<\/p>\n<p>&nbsp;<\/p>\n<p>[iframe src=&#8221;https:\/\/rwgps-embeds.com\/embeds?type=route&amp;id=27335030&amp;title=Pranles%20Auz%C3%A8ne%20St%20Etienne%20de%20Serre%20St%20Pierreville%20st%20Genest&amp;metricUnits=true&amp;sampleGraph=true&#8221; style=&#8221;width: 1px; min-width: 100%; height: 700px; border: none;&#8221; scrolling=&#8221;no&#8221;]<\/p>\n","protected":false},"excerpt":{"rendered":"<p>Un Parcours assez difficile o\u00f9 vous allez d\u00e9couvrir les ch\u00e2taigneraies et la montagne, Au d\u00e9part de Privas vous entamez le col du moulin \u00e0 vent, attention quittez la route principale pour rejoindre le col par le village de Lyas, route moins fr\u00e9quent\u00e9e en revanche pente moins r\u00e9guli\u00e8re ;-), au col laisser vous descendre vers le [&hellip;]<\/p>\n","protected":false},"author":1,"featured_media":24,"comment_status":"open","ping_status":"open","sticky":false,"template":"","format":"standard","meta":{"footnotes":""},"categories":[2],"tags":[10,11,14,16,19,21,32],"class_list":["post-139","post","type-post","status-publish","format-standard","has-post-thumbnail","hentry","category-bikeardeche","tag-ardeche","tag-auzene","tag-bikeinardeche","tag-chataigniers","tag-cyclosportif","tag-cyclotourisme","tag-velo"],"_links":{"self":[{"href":"https:\/\/www.bikeinardeche.fr\/index.php\/wp-json\/wp\/v2\/posts\/139","targetHints":{"allow":["GET"]}}],"collection":[{"href":"https:\/\/www.bikeinardeche.fr\/index.php\/wp-json\/wp\/v2\/posts"}],"about":[{"href":"https:\/\/www.bikeinardeche.fr\/index.php\/wp-json\/wp\/v2\/types\/post"}],"author":[{"embeddable":true,"href":"https:\/\/www.bikeinardeche.fr\/index.php\/wp-json\/wp\/v2\/users\/1"}],"replies":[{"embeddable":true,"href":"https:\/\/www.bikeinardeche.fr\/index.php\/wp-json\/wp\/v2\/comments?post=139"}],"version-history":[{"count":0,"href":"https:\/\/www.bikeinardeche.fr\/index.php\/wp-json\/wp\/v2\/posts\/139\/revisions"}],"wp:featuredmedia":[{"embeddable":true,"href":"https:\/\/www.bikeinardeche.fr\/index.php\/wp-json\/"}],"wp:attachment":[{"href":"https:\/\/www.bikeinardeche.fr\/index.php\/wp-json\/wp\/v2\/media?parent=139"}],"wp:term":[{"taxonomy":"category","embeddable":true,"href":"https:\/\/www.bikeinardeche.fr\/index.php\/wp-json\/wp\/v2\/categories?post=139"},{"taxonomy":"post_tag","embeddable":true,"href":"https:\/\/www.bikeinardeche.fr\/index.php\/wp-json\/wp\/v2\/tags?post=139"}],"curies":[{"name":"wp","href":"https:\/\/api.w.org\/{rel}","templated":true}]}}